{"id":11525,"date":"2024-09-20T04:12:08","date_gmt":"2024-09-20T04:12:08","guid":{"rendered":"https:\/\/kamucalisanlari.net\/?p=11525"},"modified":"2024-09-20T04:12:08","modified_gmt":"2024-09-20T04:12:08","slug":"audi-bruksel-fabrikasi-yeniden-faaliyete-gececek","status":"publish","type":"post","link":"https:\/\/kamucalisanlari.net\/index.php\/2024\/09\/20\/audi-bruksel-fabrikasi-yeniden-faaliyete-gececek\/","title":{"rendered":"Audi Br\u00fcksel fabrikas\u0131 yeniden faaliyete ge\u00e7ecek"},"content":{"rendered":"<div>\n<p>Audi Br\u00fcksel fabrikas\u0131 y\u00f6netimi, sendika temsilcileriyle yap\u0131lan g\u00f6r\u00fc\u015fmeler sonucunda uzla\u015f\u0131 sa\u011fland\u0131\u011f\u0131n\u0131 ve tesisin gelecek hafta yeniden faaliyete ge\u00e7ece\u011fini a\u00e7\u0131klad\u0131.<\/p>\n<p>A\u00e7\u0131klamada, 17 Eyl\u00fcl&#8217;de fabrikan\u0131n g\u00f6vde ve boyama b\u00f6l\u00fcmlerinde \u00fcretime ge\u00e7ilece\u011fi, tamamlanm\u0131\u015f otomobillerin distrib\u00fct\u00f6rlere g\u00f6nderilece\u011fi, 18 Eyl\u00fcl&#8217;den itibaren de b\u00fct\u00fcn b\u00f6l\u00fcmlerin faaliyete al\u0131naca\u011f\u0131 kaydedildi.<\/p>\n<p>Sendikalar\u0131n yapt\u0131\u011f\u0131 a\u00e7\u0131klamada ise uzla\u015f\u0131 \u00e7er\u00e7evesinde \u00e7al\u0131\u015fanlar\u0131n i\u015fba\u015f\u0131 yapmad\u0131klar\u0131 9-13 Eyl\u00fcl haftas\u0131ndaki \u00fccretlerini kesintisiz bi\u00e7imde alacaklar\u0131 belirtildi.<\/p>\n<\/div>\n<div>\n<p>Alman otomobil \u00fcreticisi Volkswagen Grubu&#8217;na ait Audi markas\u0131, temmuz ay\u0131nda l\u00fcks segment elektrikli otomobil modeli Q8&#8217;in \u00fcretildi\u011fi ve yakla\u015f\u0131k 3 bin ki\u015finin \u00e7al\u0131\u015ft\u0131\u011f\u0131 Br\u00fcksel fabrikas\u0131nda talebin d\u00fc\u015fmesi nedeniyle yeniden yap\u0131lanmaya gidilece\u011fini, s\u00f6z konusu modellerin \u00fcretimine Meksika&#8217;da devam edilece\u011fini a\u00e7\u0131klam\u0131\u015ft\u0131.<\/p>\n<p>Audi y\u00f6netimi, ge\u00e7en hafta Volkswagen Grubu taraf\u0131ndan Br\u00fcksel&#8217;deki fabrikaya \u00fcretim i\u00e7in hi\u00e7bir model tahsis edilmedi\u011fini bildirmi\u015fti.<\/p>\n<p>Bu durum fabrika \u00e7al\u0131\u015fanlar\u0131n\u0131 ve sendikalar\u0131 rahats\u0131z etmi\u015fti. \u00c7al\u0131\u015fanlar, i\u015fba\u015f\u0131 yapmam\u0131\u015f ve \u00fcretimi tamamlanm\u0131\u015f otomobillerin anahtarlar\u0131na el koymu\u015ftu.<\/p>\n<p>Fabrika y\u00f6netimi, i\u015f\u00e7ilerin \u00fcretimi normal \u015fekilde s\u00fcrd\u00fcrmedi\u011fi ve el konulan araba anahtarlar\u0131n\u0131 teslim etmedi\u011fi s\u00fcrece fabrikan\u0131n kapal\u0131 tutulaca\u011f\u0131n\u0131, bu s\u00fcre\u00e7te \u00e7al\u0131\u015fanlara \u00f6deme yap\u0131lmayaca\u011f\u0131n\u0131 a\u00e7\u0131klam\u0131\u015ft\u0131.<\/p>\n<p>Bunun ard\u0131ndan \u00e7al\u0131\u015fanlar, el koyduklar\u0131 tamamlanm\u0131\u015f 300 civar\u0131nda otomobilin anahtarlar\u0131n\u0131 y\u00f6netime teslim etmi\u015fti.<\/p>\n<p>\u00d6te yandan, Audi Br\u00fcksel \u00e7al\u0131\u015fanlar\u0131, ya\u015fad\u0131klar\u0131 sorunlara dikkati \u00e7ekmek \u00fczere 16 Eyl\u00fcl&#8217;de Br\u00fcksel&#8217;de kapsaml\u0131 bir protesto d\u00fczenleyecek. Protestoya farkl\u0131 sekt\u00f6rlerde \u00e7al\u0131\u015fanlar da kat\u0131larak Audi i\u015f\u00e7ilerine destek verecek.<\/p>\n<\/div>\n<p><\/p>\n<p>Kaynak :\u00a0<span style=\"background-color: rgb(255, 249, 236); color: rgb(55, 58, 60); font-size: 14px;\">https:\/\/www.bloomberght.com\/audi-bruksel-fabrikasi-yeniden-faaliyete-gececek-2360258<\/span><\/p>\n","protected":false},"excerpt":{"rendered":"<p>\u00c7al\u0131\u015fanlarla y\u00f6netim aras\u0131nda bir s\u00fcredir gerilim ya\u015fanan Audi Br\u00fcksel fabrikas\u0131nda gelecek hafta yeniden \u00fcretime ba\u015flanacak.<\/p>\n","protected":false},"author":1,"featured_media":11526,"comment_status":"open","ping_status":"open","sticky":false,"template":"","format":"standard","meta":{"footnotes":""},"categories":[2],"tags":[1692,1037,1499,264,326],"manset":[],"class_list":["post-11525","post","type-post","status-publish","format-standard","has-post-thumbnail","hentry","category-ekonomi","tag-bruksel","tag-calisanlar","tag-fabrika","tag-otomobil","tag-uretim"],"_links":{"self":[{"href":"https:\/\/kamucalisanlari.net\/index.php\/wp-json\/wp\/v2\/posts\/11525","targetHints":{"allow":["GET"]}}],"collection":[{"href":"https:\/\/kamucalisanlari.net\/index.php\/wp-json\/wp\/v2\/posts"}],"about":[{"href":"https:\/\/kamucalisanlari.net\/index.php\/wp-json\/wp\/v2\/types\/post"}],"author":[{"embeddable":true,"href":"https:\/\/kamucalisanlari.net\/index.php\/wp-json\/wp\/v2\/users\/1"}],"replies":[{"embeddable":true,"href":"https:\/\/kamucalisanlari.net\/index.php\/wp-json\/wp\/v2\/comments?post=11525"}],"version-history":[{"count":1,"href":"https:\/\/kamucalisanlari.net\/index.php\/wp-json\/wp\/v2\/posts\/11525\/revisions"}],"predecessor-version":[{"id":11527,"href":"https:\/\/kamucalisanlari.net\/index.php\/wp-json\/wp\/v2\/posts\/11525\/revisions\/11527"}],"wp:featuredmedia":[{"embeddable":true,"href":"https:\/\/kamucalisanlari.net\/index.php\/wp-json\/wp\/v2\/media\/11526"}],"wp:attachment":[{"href":"https:\/\/kamucalisanlari.net\/index.php\/wp-json\/wp\/v2\/media?parent=11525"}],"wp:term":[{"taxonomy":"category","embeddable":true,"href":"https:\/\/kamucalisanlari.net\/index.php\/wp-json\/wp\/v2\/categories?post=11525"},{"taxonomy":"post_tag","embeddable":true,"href":"https:\/\/kamucalisanlari.net\/index.php\/wp-json\/wp\/v2\/tags?post=11525"},{"taxonomy":"manset","embeddable":true,"href":"https:\/\/kamucalisanlari.net\/index.php\/wp-json\/wp\/v2\/manset?post=11525"}],"curies":[{"name":"wp","href":"https:\/\/api.w.org\/{rel}","templated":true}]}}