{"id":11995,"date":"2024-09-21T13:12:25","date_gmt":"2024-09-21T13:12:25","guid":{"rendered":"https:\/\/kamucalisanlari.net\/?p=11995"},"modified":"2024-09-21T13:12:25","modified_gmt":"2024-09-21T13:12:25","slug":"audi-bruksel-fabrikasina-yatirimci-ariyor","status":"publish","type":"post","link":"https:\/\/kamucalisanlari.net\/index.php\/2024\/09\/21\/audi-bruksel-fabrikasina-yatirimci-ariyor\/","title":{"rendered":"Audi Br\u00fcksel fabrikas\u0131na yat\u0131r\u0131mc\u0131 ar\u0131yor"},"content":{"rendered":"<div>\n<p>Bel\u00e7ika bas\u0131n\u0131nda yer alan habere g\u00f6re, Audi, son d\u00f6nemde sorunlarla g\u00fcndemde yer alan Br\u00fcksel tesisinin faaliyete devam\u0131na y\u00f6nelik \u00e7e\u015fitli se\u00e7enekleri de\u011ferlendirdi.<\/p>\n<p>Bu kapsamda fabrikada \u00fcretimi s\u00fcrd\u00fcrmeye y\u00f6nelik 20 alternatif i\u015f modeli analiz edildi ancak tesisin ekonomik ve s\u00fcrd\u00fcr\u00fclebilir bi\u00e7imde faaliyete devam\u0131n\u0131 sa\u011flayacak bir \u00e7\u00f6z\u00fcm bulunamad\u0131.<\/p>\n<p>Bu nedenle Audi, tesise yeni yat\u0131r\u0131mc\u0131 aray\u0131\u015f\u0131na ba\u015flad\u0131.<\/p>\n<p><b>3 bin ki\u015fi \u00e7al\u0131\u015f\u0131yor<\/b><\/p>\n<p>Alman otomobil \u00fcreticisi Volkswagen Grubu&#8217;na ait Audi markas\u0131, temmuz ay\u0131nda l\u00fcks segment elektrikli otomobil modeli Q8&#8217;in \u00fcretildi\u011fi ve yakla\u015f\u0131k 3 bin ki\u015finin \u00e7al\u0131\u015ft\u0131\u011f\u0131 Br\u00fcksel fabrikas\u0131nda talebin d\u00fc\u015fmesi nedeniyle yeniden yap\u0131lanmaya gidilece\u011fini, s\u00f6z konusu modellerin \u00fcretimine Meksika&#8217;da devam edilece\u011fini a\u00e7\u0131klam\u0131\u015ft\u0131.<\/p>\n<\/div>\n<div>\n<p>Audi y\u00f6netimi, bu ay ba\u015f\u0131nda Volkswagen Grubu taraf\u0131ndan Br\u00fcksel&#8217;deki fabrikaya \u00fcretim i\u00e7in hi\u00e7bir model tahsis edilmedi\u011fini bildirmi\u015fti.<\/p>\n<p>Bu durum fabrika \u00e7al\u0131\u015fanlar\u0131n\u0131 ve sendikalar\u0131 rahats\u0131z etmi\u015fti. \u00c7al\u0131\u015fanlar, i\u015fba\u015f\u0131 yapmam\u0131\u015f ve \u00fcretimi tamamlanm\u0131\u015f otomobillerin anahtarlar\u0131na el koymu\u015ftu.<\/p>\n<\/div>\n<\/p>\n<p><\/p>\n<p>Kaynak :\u00a0<span style=\"background-color: rgb(255, 249, 236); color: rgb(55, 58, 60); font-size: 14px;\">https:\/\/www.bloomberght.com\/audi-bruksel-fabrikasina-yatirimci-ariyor-2360517<\/span><\/p>\n","protected":false},"excerpt":{"rendered":"<p>Audi, yak\u0131n zamanda kapanmas\u0131 \u00f6ng\u00f6r\u00fclen ve y\u00f6netimle \u00e7al\u0131\u015fanlar aras\u0131nda sorunlar ya\u015fanan Br\u00fcksel fabrikas\u0131 i\u00e7in yeni yat\u0131r\u0131mc\u0131 ar\u0131yor.<\/p>\n","protected":false},"author":1,"featured_media":11996,"comment_status":"open","ping_status":"open","sticky":false,"template":"","format":"standard","meta":{"footnotes":""},"categories":[2],"tags":[],"manset":[],"class_list":["post-11995","post","type-post","status-publish","format-standard","has-post-thumbnail","hentry","category-ekonomi"],"_links":{"self":[{"href":"https:\/\/kamucalisanlari.net\/index.php\/wp-json\/wp\/v2\/posts\/11995","targetHints":{"allow":["GET"]}}],"collection":[{"href":"https:\/\/kamucalisanlari.net\/index.php\/wp-json\/wp\/v2\/posts"}],"about":[{"href":"https:\/\/kamucalisanlari.net\/index.php\/wp-json\/wp\/v2\/types\/post"}],"author":[{"embeddable":true,"href":"https:\/\/kamucalisanlari.net\/index.php\/wp-json\/wp\/v2\/users\/1"}],"replies":[{"embeddable":true,"href":"https:\/\/kamucalisanlari.net\/index.php\/wp-json\/wp\/v2\/comments?post=11995"}],"version-history":[{"count":1,"href":"https:\/\/kamucalisanlari.net\/index.php\/wp-json\/wp\/v2\/posts\/11995\/revisions"}],"predecessor-version":[{"id":11997,"href":"https:\/\/kamucalisanlari.net\/index.php\/wp-json\/wp\/v2\/posts\/11995\/revisions\/11997"}],"wp:featuredmedia":[{"embeddable":true,"href":"https:\/\/kamucalisanlari.net\/index.php\/wp-json\/wp\/v2\/media\/11996"}],"wp:attachment":[{"href":"https:\/\/kamucalisanlari.net\/index.php\/wp-json\/wp\/v2\/media?parent=11995"}],"wp:term":[{"taxonomy":"category","embeddable":true,"href":"https:\/\/kamucalisanlari.net\/index.php\/wp-json\/wp\/v2\/categories?post=11995"},{"taxonomy":"post_tag","embeddable":true,"href":"https:\/\/kamucalisanlari.net\/index.php\/wp-json\/wp\/v2\/tags?post=11995"},{"taxonomy":"manset","embeddable":true,"href":"https:\/\/kamucalisanlari.net\/index.php\/wp-json\/wp\/v2\/manset?post=11995"}],"curies":[{"name":"wp","href":"https:\/\/api.w.org\/{rel}","templated":true}]}}