{"id":28427,"date":"2025-10-20T19:12:06","date_gmt":"2025-10-20T19:12:06","guid":{"rendered":"https:\/\/kamucalisanlari.net\/?p=28427"},"modified":"2025-10-20T19:12:06","modified_gmt":"2025-10-20T19:12:06","slug":"generali-sigorta-referans-sigorta-oldu","status":"publish","type":"post","link":"https:\/\/kamucalisanlari.net\/index.php\/2025\/10\/20\/generali-sigorta-referans-sigorta-oldu\/","title":{"rendered":"Generali Sigorta, Referans Sigorta oldu"},"content":{"rendered":"<p><p>Generali Sigorta T\u00fcrkiye&#8217;deki yolculu\u011funa Referans Sigorta olarak devam edecek.<\/p>\n<p>\u015eirketin yeni ad\u0131 ve vizyonunun tan\u0131t\u0131ld\u0131\u011f\u0131 toplant\u0131ya ili\u015fkin yap\u0131lan a\u00e7\u0131klamada g\u00f6r\u00fc\u015flerine yer verilen Referans Sigorta Y\u00f6netim Kurulu Ba\u015fkan\u0131 \u00dcmit Kiler, Generali Sigorta\u2019n\u0131n Kiler Holding b\u00fcnyesine kat\u0131lmas\u0131n\u0131n, finans sekt\u00f6r\u00fcndeki b\u00fcy\u00fcme hedeflerinin bir par\u00e7as\u0131 oldu\u011funu belirterek, \u201cK\u00f6klerimize ve de\u011ferlerimize sahip \u00e7\u0131karak faaliyet g\u00f6sterdi\u011fimiz her sekt\u00f6rde \u00f6nc\u00fc olmay\u0131 ba\u015fard\u0131k. Generali Sigorta\u2019n\u0131n 162 y\u0131ll\u0131k miras\u0131n\u0131 devralarak vatanda\u015flar\u0131m\u0131z\u0131n g\u00fcvenle ba\u015fvuraca\u011f\u0131 bir marka olu\u015fturuyoruz. Referans Sigorta, g\u00fcvenin yeni ad\u0131 olarak sekt\u00f6rde fark yaratacak\u201d dedi.<\/p>\n<p>Sekt\u00f6rde yeni bir sayfa a\u00e7t\u0131klar\u0131n\u0131 kaydeden Referans Sigorta Genel M\u00fcd\u00fcr\u00fc O\u011fuz Karahan\u00e7er ise, \u201c1994 y\u0131l\u0131ndan bu yana T\u00fcrkiye\u2019nin \u00f6nde gelen yerli ve milli yat\u0131r\u0131m gruplar\u0131ndan biri olarak; gayrimenkul, perakende, enerji ve turizm gibi pek \u00e7ok sekt\u00f6rdeki ba\u015far\u0131l\u0131 yat\u0131r\u0131mlar\u0131yla tan\u0131nan Kiler Holding \u00e7at\u0131s\u0131 alt\u0131nda g\u00fcvenin yeni ad\u0131 olarak sekt\u00f6rde kendimize \u00f6nemli bir yer edinece\u011fimizden hi\u00e7bir \u015f\u00fcphemiz yok\u201d diye konu\u015ftu.<\/p>\n<p>Referans Sigorta\u2019n\u0131n \u00f6ncelikli hedefleri aras\u0131nda; acente say\u0131s\u0131n\u0131 art\u0131rmak, t\u00fcm da\u011f\u0131t\u0131m kanallar\u0131nda aktif rol almak ve m\u00fc\u015fterilere ki\u015fiselle\u015ftirilmi\u015f \u00e7\u00f6z\u00fcmler sunmak yer ald\u0131\u011f\u0131n\u0131 kaydeden Karahan\u00e7er, \u201cT\u00fcm acentelerin kolayl\u0131kla ula\u015fabilece\u011fi, projelerini payla\u015f\u0131p hayata ge\u00e7irebilece\u011fi, kazan\u00e7lar\u0131n\u0131 artt\u0131r\u0131p daha verimli \u00e7al\u0131\u015fabilecekleri bir \u015firket olma iddiam\u0131z var. Yaz\u0131lacak olan bu ba\u015far\u0131 hikayesine ortak olacak, tutarl\u0131, istikrarl\u0131, ilham veren ve tamamen g\u00fcvenebilecekleri \u015firketimize b\u00fct\u00fcn i\u015f ortaklar\u0131m\u0131z\u0131 davet ediyorum\u201d ifadelerini kulland\u0131.<\/p>\n\n<p><\/p>\n<p>Kaynak :\u00a0<span style=\"background-color: rgb(255, 249, 236); color: rgb(55, 58, 60); font-size: 14px;\">https:\/\/www.bloomberght.com\/generali-sigorta-referans-sigorta-oldu-3742685<\/span><\/p>\n","protected":false},"excerpt":{"rendered":"<p>Kiler Holding taraf\u0131ndan sat\u0131n al\u0131nan T\u00fcrkiye&#8217;nin en eski sigorta \u015firketi Generali Sigorta, yeni ad\u0131 ve vizyonunu duyurdu.<\/p>\n","protected":false},"author":1,"featured_media":28428,"comment_status":"open","ping_status":"open","sticky":false,"template":"","format":"standard","meta":{"footnotes":""},"categories":[2],"tags":[3255],"manset":[],"class_list":["post-28427","post","type-post","status-publish","format-standard","has-post-thumbnail","hentry","category-ekonomi","tag-sektorde"],"_links":{"self":[{"href":"https:\/\/kamucalisanlari.net\/index.php\/wp-json\/wp\/v2\/posts\/28427","targetHints":{"allow":["GET"]}}],"collection":[{"href":"https:\/\/kamucalisanlari.net\/index.php\/wp-json\/wp\/v2\/posts"}],"about":[{"href":"https:\/\/kamucalisanlari.net\/index.php\/wp-json\/wp\/v2\/types\/post"}],"author":[{"embeddable":true,"href":"https:\/\/kamucalisanlari.net\/index.php\/wp-json\/wp\/v2\/users\/1"}],"replies":[{"embeddable":true,"href":"https:\/\/kamucalisanlari.net\/index.php\/wp-json\/wp\/v2\/comments?post=28427"}],"version-history":[{"count":1,"href":"https:\/\/kamucalisanlari.net\/index.php\/wp-json\/wp\/v2\/posts\/28427\/revisions"}],"predecessor-version":[{"id":28429,"href":"https:\/\/kamucalisanlari.net\/index.php\/wp-json\/wp\/v2\/posts\/28427\/revisions\/28429"}],"wp:featuredmedia":[{"embeddable":true,"href":"https:\/\/kamucalisanlari.net\/index.php\/wp-json\/wp\/v2\/media\/28428"}],"wp:attachment":[{"href":"https:\/\/kamucalisanlari.net\/index.php\/wp-json\/wp\/v2\/media?parent=28427"}],"wp:term":[{"taxonomy":"category","embeddable":true,"href":"https:\/\/kamucalisanlari.net\/index.php\/wp-json\/wp\/v2\/categories?post=28427"},{"taxonomy":"post_tag","embeddable":true,"href":"https:\/\/kamucalisanlari.net\/index.php\/wp-json\/wp\/v2\/tags?post=28427"},{"taxonomy":"manset","embeddable":true,"href":"https:\/\/kamucalisanlari.net\/index.php\/wp-json\/wp\/v2\/manset?post=28427"}],"curies":[{"name":"wp","href":"https:\/\/api.w.org\/{rel}","templated":true}]}}