{"id":28469,"date":"2025-10-20T22:00:07","date_gmt":"2025-10-20T22:00:07","guid":{"rendered":"https:\/\/kamucalisanlari.net\/?p=28469"},"modified":"2025-10-20T22:00:07","modified_gmt":"2025-10-20T22:00:07","slug":"imf-baskani-georgieva-ekonomi-politikalarina-iliskin-belirsizlik-yuksek","status":"publish","type":"post","link":"https:\/\/kamucalisanlari.net\/index.php\/2025\/10\/20\/imf-baskani-georgieva-ekonomi-politikalarina-iliskin-belirsizlik-yuksek\/","title":{"rendered":"IMF Ba\u015fkan\u0131 Georgieva: Ekonomi politikalar\u0131na ili\u015fkin belirsizlik y\u00fcksek"},"content":{"rendered":"<p><p>IMF, Georgieva&#8217;n\u0131n G\u00fcney Afrika&#8217;n\u0131n Cape Town kentinde d\u00fczenlenen G20 Maliye Bakanlar\u0131 ve Merkez Bankas\u0131 Ba\u015fkanlar\u0131 Toplant\u0131s\u0131&#8217;nda yapt\u0131\u011f\u0131 konu\u015fmay\u0131 payla\u015ft\u0131.<\/p>\n<p>G\u00f6r\u00fc\u015fmelerinde \u00f6ne \u00e7\u0131kan teman\u0131n, s\u0131n\u0131rl\u0131 makroekonomik politika alan\u0131 ve artan politika belirsizlikleriyle \u015fekillenen bir ortamda k\u00fcresel b\u00fcy\u00fcmeyi yeniden canland\u0131rma ihtiyac\u0131 oldu\u011funu aktaran Georgieva, k\u00fcresel ekonomik b\u00fcy\u00fcmenin bu y\u0131l ve gelecek y\u0131l y\u00fczde 3,3 seviyesinde ger\u00e7ekle\u015fece\u011fini \u00f6ng\u00f6rd\u00fcklerini, bu oran\u0131n istikrarl\u0131 ancak tarihsel ortalaman\u0131n olduk\u00e7a alt\u0131nda oldu\u011funu ve y\u00fcksek kamu borcu seviyeleri ba\u011flam\u0131nda de\u011ferlendirilmesi gerekti\u011fini ifade etti.<\/p>\n<p>Ekonomiler aras\u0131ndaki ayr\u0131\u015fman\u0131n giderek artt\u0131\u011f\u0131n\u0131 g\u00f6rd\u00fcklerine i\u015faret eden Georgieva, ABD&#8217;de b\u00fcy\u00fcmenin g\u00fc\u00e7l\u00fc seyretti\u011fini, Avrupa Birli\u011fi&#8217;nde (AB) toparlanman\u0131n tahmin edilenden daha kademeli oldu\u011funu, geli\u015fmekte olan ekonomilerde ise b\u00fcy\u00fcmenin bu y\u0131l ge\u00e7en y\u0131lki performansla b\u00fcy\u00fck \u00f6l\u00e7\u00fcde \u00f6rt\u00fc\u015ft\u00fc\u011f\u00fcn\u00fc aktard\u0131.<\/p>\n<p><b> \u00c7o\u011fu ekonomi i\u00e7in riskler a\u015fa\u011f\u0131 y\u00f6nl\u00fc <\/b><\/p>\n<p>K\u00fcresel dezenflasyon s\u00fcrecinin devam etti\u011fini belirten Georgieva, i\u015f g\u00fcc\u00fc piyasalar\u0131n\u0131n kademeli olarak so\u011fumas\u0131 ve enerji fiyatlar\u0131n\u0131n daha da d\u00fc\u015fmesi beklentisiyle, man\u015fet enflasyonun merkez bankalar\u0131n\u0131n hedeflerine do\u011fru seyrini s\u00fcrd\u00fcrmesinin \u00f6ng\u00f6r\u00fcld\u00fc\u011f\u00fcn\u00fc ifade kaydetti.<\/p>\n<p>Georgieva, &#8220;Ayn\u0131 zamanda, ekonomi politikalar\u0131na ili\u015fkin belirsizlik y\u00fcksek. D\u00fcnya genelinde h\u00fck\u00fcmetler politika \u00f6nceliklerini de\u011fi\u015ftiriyor. ABD&#8217;de ticaret politikas\u0131, vergilendirme, kamu harcamalar\u0131, g\u00f6\u00e7 ve dereg\u00fclasyon gibi alanlarda, ABD ekonomisi ve d\u00fcnyan\u0131n geri kalan\u0131 \u00fczerinde etkileri olan \u00f6nemli politika de\u011fi\u015fiklikleri s\u00f6z konusu. Di\u011fer \u00fclkelerdeki h\u00fck\u00fcmetler de politikalar\u0131n\u0131 d\u00fczenliyor. Olas\u0131 politika de\u011fi\u015fikliklerinin birle\u015fik etkileri karma\u015f\u0131k ve de\u011ferlendirilmesi hala zor, ancak gelecek aylarda daha net bir \u015fekilde ortaya \u00e7\u0131kacakt\u0131r.&#8221; de\u011ferlendirmesinde bulundu.<\/p>\n<p>Risklerin farkl\u0131la\u015ft\u0131\u011f\u0131n\u0131 aktaran Georgieva, k\u0131sa vadede ABD&#8217;de pozitif duyarl\u0131l\u0131\u011f\u0131n faaliyeti art\u0131rabilece\u011fini ancak genel olarak \u00e7o\u011fu ekonomi i\u00e7in risklerin a\u015fa\u011f\u0131 y\u00f6nl\u00fc oldu\u011funu, bunlar aras\u0131nda dezenflasyon s\u00fcrecini sekteye u\u011fratabilecek politikalar kaynakl\u0131 bozulmalar veya geli\u015fmekte olan ekonomilerden sermaye \u00e7\u0131k\u0131\u015flar\u0131 gibi risklerin bulundu\u011funu ifade etti.<\/p>\n<p>Georgieva, b\u00fcy\u00fcmenin sa\u011flanmas\u0131 i\u00e7in makroekonomik ve finansal istikrar\u0131n korunmas\u0131 gerekti\u011fini belirterek, &#8220;Bu ama\u00e7la \u00fclkeler birden fazla bask\u0131y\u0131 y\u00f6netmeli; k\u0131sa vadeli riskleri kontrol alt\u0131na almak, tamponlar\u0131 yeniden in\u015fa etmek, orta vadeli b\u00fcy\u00fcme beklentilerini y\u00fckseltmek.&#8221; ifadelerini kulland\u0131.<\/p>\n<div>\n<p>Mali a\u00e7\u0131dan \u00e7o\u011fu \u00fclkenin kamu borcunu s\u00fcrd\u00fcr\u00fclebilir bir patikaya oturtmas\u0131 ve mali tamponlar\u0131 yeniden in\u015fa etmesi gerekti\u011fini vurgulayan Georgieva, \u00fclkelerin verimlili\u011fi ve b\u00fcy\u00fcme beklentilerini art\u0131rmak i\u00e7in iddial\u0131 reformlar\u0131 benimsemelerinin \u00f6nemli oldu\u011funu kaydetti.<\/p>\n<\/div>\n<\/p>\n<p><\/p>\n<p>Kaynak :\u00a0<span style=\"background-color: rgb(255, 249, 236); color: rgb(55, 58, 60); font-size: 14px;\">https:\/\/www.bloomberght.com\/imf-baskani-georgieva-ekonomi-politikalarina-iliskin-belirsizlik-yuksek-3742733<\/span><\/p>\n","protected":false},"excerpt":{"rendered":"<p>Uluslararas\u0131 Para Fonu (IMF) Ba\u015fkan\u0131 Kristalina Georgieva, ekonomi politikalar\u0131na ili\u015fkin belirsizli\u011fin y\u00fcksek oldu\u011funu belirterek, b\u00fcy\u00fcmenin sa\u011flanabilmesi i\u00e7in makroekonomik ve finansal istikrar\u0131n korunmas\u0131, bu do\u011frultuda k\u0131sa vadeli risklerin kontrol alt\u0131na al\u0131nmas\u0131, mali tamponlar\u0131n yeniden in\u015fa edilmesi ve b\u00fcy\u00fcme beklentilerinin art\u0131r\u0131lmas\u0131 gerekti\u011fini ifade etti.<\/p>\n","protected":false},"author":1,"featured_media":28470,"comment_status":"open","ping_status":"open","sticky":false,"template":"","format":"standard","meta":{"footnotes":""},"categories":[2],"tags":[116,118,810,430,259],"manset":[],"class_list":["post-28469","post","type-post","status-publish","format-standard","has-post-thumbnail","hentry","category-ekonomi","tag-buyume","tag-ekonomi","tag-georgieva","tag-politika","tag-riskler"],"_links":{"self":[{"href":"https:\/\/kamucalisanlari.net\/index.php\/wp-json\/wp\/v2\/posts\/28469","targetHints":{"allow":["GET"]}}],"collection":[{"href":"https:\/\/kamucalisanlari.net\/index.php\/wp-json\/wp\/v2\/posts"}],"about":[{"href":"https:\/\/kamucalisanlari.net\/index.php\/wp-json\/wp\/v2\/types\/post"}],"author":[{"embeddable":true,"href":"https:\/\/kamucalisanlari.net\/index.php\/wp-json\/wp\/v2\/users\/1"}],"replies":[{"embeddable":true,"href":"https:\/\/kamucalisanlari.net\/index.php\/wp-json\/wp\/v2\/comments?post=28469"}],"version-history":[{"count":1,"href":"https:\/\/kamucalisanlari.net\/index.php\/wp-json\/wp\/v2\/posts\/28469\/revisions"}],"predecessor-version":[{"id":28471,"href":"https:\/\/kamucalisanlari.net\/index.php\/wp-json\/wp\/v2\/posts\/28469\/revisions\/28471"}],"wp:featuredmedia":[{"embeddable":true,"href":"https:\/\/kamucalisanlari.net\/index.php\/wp-json\/wp\/v2\/media\/28470"}],"wp:attachment":[{"href":"https:\/\/kamucalisanlari.net\/index.php\/wp-json\/wp\/v2\/media?parent=28469"}],"wp:term":[{"taxonomy":"category","embeddable":true,"href":"https:\/\/kamucalisanlari.net\/index.php\/wp-json\/wp\/v2\/categories?post=28469"},{"taxonomy":"post_tag","embeddable":true,"href":"https:\/\/kamucalisanlari.net\/index.php\/wp-json\/wp\/v2\/tags?post=28469"},{"taxonomy":"manset","embeddable":true,"href":"https:\/\/kamucalisanlari.net\/index.php\/wp-json\/wp\/v2\/manset?post=28469"}],"curies":[{"name":"wp","href":"https:\/\/api.w.org\/{rel}","templated":true}]}}