{"id":30762,"date":"2025-10-27T07:36:07","date_gmt":"2025-10-27T07:36:07","guid":{"rendered":"https:\/\/kamucalisanlari.net\/?p=30762"},"modified":"2025-10-27T07:36:07","modified_gmt":"2025-10-27T07:36:07","slug":"guney-korede-basbakanlik-gorevinden-uzaklastirilan-hanin-azli-reddedildi","status":"publish","type":"post","link":"https:\/\/kamucalisanlari.net\/index.php\/2025\/10\/27\/guney-korede-basbakanlik-gorevinden-uzaklastirilan-hanin-azli-reddedildi\/","title":{"rendered":"G\u00fcney Kore&#8217;de ba\u015fbakanl\u0131k g\u00f6revinden uzakla\u015ft\u0131r\u0131lan Han&#8217;\u0131n azli reddedildi"},"content":{"rendered":"<p><p>Yonhap&#8217;\u0131n haberine g\u00f6re, &#8220;Devlet Ba\u015fkan\u0131 Yoon Suk Yeol taraf\u0131ndan al\u0131nan s\u0131k\u0131y\u00f6netim karar\u0131nda pay\u0131 oldu\u011fu&#8221; gerek\u00e7esiyle g\u00f6revden al\u0131nan Han&#8217;\u0131n azil davas\u0131nda karara var\u0131ld\u0131.<\/p>\n<p>Anayasa Mahkemesinde, Han&#8217;\u0131n azli 5&#8217;e kar\u015f\u0131 1 oyla reddedildi.<\/p>\n<p>Bu kararla birlikte daha \u00f6nce g\u00f6revden uzakla\u015ft\u0131r\u0131lan Han, yeniden devlet ba\u015fkanl\u0131\u011f\u0131na vekalet edecek.<\/p>\n<p>Han, karar\u0131n ard\u0131ndan yapt\u0131\u011f\u0131 a\u00e7\u0131klamada, Anayasa Mahkemesine te\u015fekk\u00fcr ederek &#8220;acil konulara \u00f6ncelik verece\u011fini&#8221; belirtti.<\/p>\n<p><b> G\u00fcney Kore&#8217;de s\u0131k\u0131y\u00f6netim ilan\u0131 <\/b><\/p>\n<p>Devlet Ba\u015fkan\u0131 Yoon Suk Yeol, 3 Aral\u0131k 2024 gecesi televizyonda yapt\u0131\u011f\u0131 konu\u015fmada, &#8220;muhalefetin devlet kar\u015f\u0131t\u0131 aktivitelere kar\u0131\u015ft\u0131\u011f\u0131&#8221; gerek\u00e7esiyle s\u0131k\u0131y\u00f6netim ilan etmi\u015f ancak meclisin yapt\u0131\u011f\u0131 oylamada bu karar\u0131n kald\u0131r\u0131lmas\u0131 ve Bakanlar Kurulunda onaylanmas\u0131yla geri ad\u0131m atm\u0131\u015ft\u0131.<\/p>\n<p>Ulusal Meclisin 14 Aral\u0131k 2024&#8217;te yapt\u0131\u011f\u0131 oylamada azli istenen Yoon, Anayasa Mahkemesinin hakk\u0131nda verece\u011fi karara dek g\u00f6revden ge\u00e7ici olarak uzakla\u015ft\u0131r\u0131lm\u0131\u015f, yerine Ba\u015fbakan Han Duck-soo vekaleten getirilmi\u015fti.<\/p>\n<p>Muhalefetin giri\u015fimiyle Ulusal Mecliste 27 Aral\u0131k 2024&#8217;teki oylamada devlet ba\u015fkanl\u0131\u011f\u0131na vekalet eden Han i\u00e7in de azil karar\u0131 verilmi\u015f, yerine devlet ba\u015fkanl\u0131\u011f\u0131 vekaletini Ba\u015fbakan Yard\u0131mc\u0131s\u0131 ve Maliye Bakan\u0131 Choi Sang-mok \u00fcstlenmi\u015fti.<\/p>\n<p>G\u00fcney Kore&#8217;de, Han hakk\u0131ndaki azil davas\u0131n\u0131n ilk duru\u015fmas\u0131 19 \u015eubat&#8217;ta yap\u0131lm\u0131\u015ft\u0131.<\/p>\n\n<p><\/p>\n<p>Kaynak :\u00a0<span style=\"background-color: rgb(255, 249, 236); color: rgb(55, 58, 60); font-size: 14px;\">https:\/\/www.bloomberght.com\/guney-kore-de-basbakanlik-gorevinden-uzaklastirilan-han-in-azli-reddedildi-3744712<\/span><\/p>\n","protected":false},"excerpt":{"rendered":"<p>G\u00fcney Kore Anayasa Mahkemesi, 2024&#8217;teki s\u0131k\u0131y\u00f6netim ilan\u0131n\u0131n ard\u0131ndan ba\u015flat\u0131lan soru\u015fturma kapsam\u0131nda ba\u015fbakanl\u0131k g\u00f6revinden uzakla\u015ft\u0131r\u0131lan Han Duck-soo&#8217;nun azil talebini reddetti.<\/p>\n","protected":false},"author":1,"featured_media":30763,"comment_status":"open","ping_status":"open","sticky":false,"template":"","format":"standard","meta":{"footnotes":""},"categories":[2],"tags":[114,3385],"manset":[],"class_list":["post-30762","post","type-post","status-publish","format-standard","has-post-thumbnail","hentry","category-ekonomi","tag-devlet","tag-han"],"_links":{"self":[{"href":"https:\/\/kamucalisanlari.net\/index.php\/wp-json\/wp\/v2\/posts\/30762","targetHints":{"allow":["GET"]}}],"collection":[{"href":"https:\/\/kamucalisanlari.net\/index.php\/wp-json\/wp\/v2\/posts"}],"about":[{"href":"https:\/\/kamucalisanlari.net\/index.php\/wp-json\/wp\/v2\/types\/post"}],"author":[{"embeddable":true,"href":"https:\/\/kamucalisanlari.net\/index.php\/wp-json\/wp\/v2\/users\/1"}],"replies":[{"embeddable":true,"href":"https:\/\/kamucalisanlari.net\/index.php\/wp-json\/wp\/v2\/comments?post=30762"}],"version-history":[{"count":1,"href":"https:\/\/kamucalisanlari.net\/index.php\/wp-json\/wp\/v2\/posts\/30762\/revisions"}],"predecessor-version":[{"id":30764,"href":"https:\/\/kamucalisanlari.net\/index.php\/wp-json\/wp\/v2\/posts\/30762\/revisions\/30764"}],"wp:featuredmedia":[{"embeddable":true,"href":"https:\/\/kamucalisanlari.net\/index.php\/wp-json\/wp\/v2\/media\/30763"}],"wp:attachment":[{"href":"https:\/\/kamucalisanlari.net\/index.php\/wp-json\/wp\/v2\/media?parent=30762"}],"wp:term":[{"taxonomy":"category","embeddable":true,"href":"https:\/\/kamucalisanlari.net\/index.php\/wp-json\/wp\/v2\/categories?post=30762"},{"taxonomy":"post_tag","embeddable":true,"href":"https:\/\/kamucalisanlari.net\/index.php\/wp-json\/wp\/v2\/tags?post=30762"},{"taxonomy":"manset","embeddable":true,"href":"https:\/\/kamucalisanlari.net\/index.php\/wp-json\/wp\/v2\/manset?post=30762"}],"curies":[{"name":"wp","href":"https:\/\/api.w.org\/{rel}","templated":true}]}}